{"id":356,"date":"2021-08-02T09:42:07","date_gmt":"2021-08-02T07:42:07","guid":{"rendered":"http:\/\/baza-becaraca.hkcp.hr\/?p=356"},"modified":"2021-08-02T09:42:07","modified_gmt":"2021-08-02T07:42:07","slug":"356","status":"publish","type":"post","link":"https:\/\/baza-becaraca.hkcp.hr\/?p=356","title":{"rendered":""},"content":{"rendered":"<p>Bzenica je selo u dva reda,<\/p>\n<p>sa dva kraja prodaju se jaja. <\/p>\n","protected":false},"excerpt":{"rendered":"<p>Bzenica je selo u dva reda, sa dva kraja prodaju se jaja.<\/p>\n","protected":false},"author":2,"featured_media":0,"comment_status":"open","ping_status":"open","sticky":false,"template":"","format":"standard","meta":{"advanced_seo_description":"","jetpack_seo_html_title":"","jetpack_seo_noindex":false,"footnotes":""},"categories":[4,1],"tags":[],"class_list":["post-356","post","type-post","status-publish","format-standard","hentry","category-o-mjestu","category-svi"],"jetpack_featured_media_url":"","jetpack_sharing_enabled":true,"jetpack_likes_enabled":true,"jetpack-related-posts":[{"id":1559,"url":"https:\/\/baza-becaraca.hkcp.hr\/?p=1559","url_meta":{"origin":356,"position":0},"title":"Udat \u0107u se ja u\u2026","date":"12. studenoga 2025.","format":false,"excerpt":"Udat \u0107u se ja u selo peto , u mom selu sve je zauzeto .","rel":"","context":"U &quot;\u017denski&quot;","img":{"alt_text":"","src":"","width":0,"height":0},"classes":[]},{"id":1613,"url":"https:\/\/baza-becaraca.hkcp.hr\/?p=1613","url_meta":{"origin":356,"position":1},"title":"Do\u0111i diko makar u svanu\u0107e\u2026","date":"14. sije\u010dnja 2026.","format":false,"excerpt":"Do\u0111i diko makar u svanu\u0107e , kod mene je u krevetu vru\u0107e.","rel":"","context":"U &quot;\u017denski&quot;","img":{"alt_text":"","src":"","width":0,"height":0},"classes":[]},{"id":1714,"url":"https:\/\/baza-becaraca.hkcp.hr\/?p=1714","url_meta":{"origin":356,"position":2},"title":"Do\u0111i diko makar u svanu\u0107e\u2026","date":"22. travnja 2026.","format":false,"excerpt":"Do\u0111i diko makar u svanu\u0107e , kod mene je u krevetu vru\u0107e .","rel":"","context":"U &quot;\u017denski&quot;","img":{"alt_text":"","src":"","width":0,"height":0},"classes":[]},{"id":1353,"url":"https:\/\/baza-becaraca.hkcp.hr\/?p=1353","url_meta":{"origin":356,"position":3},"title":"Nema mala ledine ni gaja\u2026","date":"8. travnja 2025.","format":false,"excerpt":"Nema mala ledine ni gaja , di mi nisi promije\u0161ala jaja .","rel":"","context":"U &quot;Skupi (masni)&quot;","img":{"alt_text":"","src":"","width":0,"height":0},"classes":[]},{"id":1692,"url":"https:\/\/baza-becaraca.hkcp.hr\/?p=1692","url_meta":{"origin":356,"position":4},"title":"Nema mala ledine ni gaja\u2026","date":"25. o\u017eujka 2026.","format":false,"excerpt":"Nema mala ledine ni gaja , di mi nisi promi\u0161ala jaja!","rel":"","context":"U &quot;Skupi (masni)&quot;","img":{"alt_text":"","src":"","width":0,"height":0},"classes":[]},{"id":1429,"url":"https:\/\/baza-becaraca.hkcp.hr\/?p=1429","url_meta":{"origin":356,"position":5},"title":"Zapjevala ptica u gorici ,\u2026","date":"10. lipnja 2025.","format":false,"excerpt":"Zapjevala ptica u gorici , najljep\u0161i je \u017eivot udovici .","rel":"","context":"U &quot;Svi be\u0107arci&quot;","img":{"alt_text":"","src":"","width":0,"height":0},"classes":[]}],"_links":{"self":[{"href":"https:\/\/baza-becaraca.hkcp.hr\/index.php?rest_route=\/wp\/v2\/posts\/356","targetHints":{"allow":["GET"]}}],"collection":[{"href":"https:\/\/baza-becaraca.hkcp.hr\/index.php?rest_route=\/wp\/v2\/posts"}],"about":[{"href":"https:\/\/baza-becaraca.hkcp.hr\/index.php?rest_route=\/wp\/v2\/types\/post"}],"author":[{"embeddable":true,"href":"https:\/\/baza-becaraca.hkcp.hr\/index.php?rest_route=\/wp\/v2\/users\/2"}],"replies":[{"embeddable":true,"href":"https:\/\/baza-becaraca.hkcp.hr\/index.php?rest_route=%2Fwp%2Fv2%2Fcomments&post=356"}],"version-history":[{"count":1,"href":"https:\/\/baza-becaraca.hkcp.hr\/index.php?rest_route=\/wp\/v2\/posts\/356\/revisions"}],"predecessor-version":[{"id":357,"href":"https:\/\/baza-becaraca.hkcp.hr\/index.php?rest_route=\/wp\/v2\/posts\/356\/revisions\/357"}],"wp:attachment":[{"href":"https:\/\/baza-becaraca.hkcp.hr\/index.php?rest_route=%2Fwp%2Fv2%2Fmedia&parent=356"}],"wp:term":[{"taxonomy":"category","embeddable":true,"href":"https:\/\/baza-becaraca.hkcp.hr\/index.php?rest_route=%2Fwp%2Fv2%2Fcategories&post=356"},{"taxonomy":"post_tag","embeddable":true,"href":"https:\/\/baza-becaraca.hkcp.hr\/index.php?rest_route=%2Fwp%2Fv2%2Ftags&post=356"}],"curies":[{"name":"wp","href":"https:\/\/api.w.org\/{rel}","templated":true}]}}